{"id":1060,"date":"2021-04-27T14:03:13","date_gmt":"2021-04-27T14:03:13","guid":{"rendered":"http:\/\/asociacionespanolacr.crbrosdev.com\/?p=1060"},"modified":"2021-04-27T14:37:53","modified_gmt":"2021-04-27T14:37:53","slug":"fiesta-de-la-virgen-del-pilar","status":"publish","type":"post","link":"https:\/\/asociacionespanolacr.com\/index.php\/2021\/04\/27\/fiesta-de-la-virgen-del-pilar\/","title":{"rendered":"Fiesta de la Virgen del Pilar"},"content":{"rendered":"\t\t<div data-elementor-type=\"wp-post\" data-elementor-id=\"1060\" class=\"elementor elementor-1060\">\n\t\t\t\t\t\t\t\t\t<section class=\"elementor-section elementor-top-section elementor-element elementor-element-7d5fc1a elementor-section-boxed elementor-section-height-default elementor-section-height-default\" data-id=\"7d5fc1a\" data-element_type=\"section\" data-settings=\"{&quot;jet_parallax_layout_list&quot;:[{&quot;jet_parallax_layout_image&quot;:{&quot;url&quot;:&quot;&quot;,&quot;id&quot;:&quot;&quot;,&quot;size&quot;:&quot;&quot;},&quot;_id&quot;:&quot;60b070b&quot;,&quot;jet_parallax_layout_speed&quot;:{&quot;unit&quot;:&quot;%&quot;,&quot;size&quot;:&quot;50&quot;,&quot;sizes&quot;:[]},&quot;jet_parallax_layout_bg_x&quot;:&quot;50&quot;,&quot;jet_parallax_layout_bg_y&quot;:&quot;50&quot;,&quot;jet_parallax_layout_image_tablet&quot;:{&quot;url&quot;:&quot;&quot;,&quot;id&quot;:&quot;&quot;,&quot;size&quot;:&quot;&quot;},&quot;jet_parallax_layout_image_mobile&quot;:{&quot;url&quot;:&quot;&quot;,&quot;id&quot;:&quot;&quot;,&quot;size&quot;:&quot;&quot;},&quot;jet_parallax_layout_type&quot;:&quot;scroll&quot;,&quot;jet_parallax_layout_direction&quot;:null,&quot;jet_parallax_layout_fx_direction&quot;:null,&quot;jet_parallax_layout_z_index&quot;:&quot;&quot;,&quot;jet_parallax_layout_bg_x_tablet&quot;:&quot;&quot;,&quot;jet_parallax_layout_bg_x_mobile&quot;:&quot;&quot;,&quot;jet_parallax_layout_bg_y_tablet&quot;:&quot;&quot;,&quot;jet_parallax_layout_bg_y_mobile&quot;:&quot;&quot;,&quot;jet_parallax_layout_bg_size&quot;:&quot;auto&quot;,&quot;jet_parallax_layout_bg_size_tablet&quot;:&quot;&quot;,&quot;jet_parallax_layout_bg_size_mobile&quot;:&quot;&quot;,&quot;jet_parallax_layout_animation_prop&quot;:&quot;transform&quot;,&quot;jet_parallax_layout_on&quot;:[&quot;desktop&quot;,&quot;tablet&quot;]}]}\">\n\t\t\t\t\t\t<div class=\"elementor-container elementor-column-gap-default\">\n\t\t\t\t\t<div class=\"elementor-column elementor-col-100 elementor-top-column elementor-element elementor-element-73117f2\" data-id=\"73117f2\" data-element_type=\"column\">\n\t\t\t<div class=\"elementor-widget-wrap elementor-element-populated\">\n\t\t\t\t\t\t\t\t<div class=\"elementor-element elementor-element-1400b83 elementor-widget elementor-widget-text-editor\" data-id=\"1400b83\" data-element_type=\"widget\" data-widget_type=\"text-editor.default\">\n\t\t\t\t<div class=\"elementor-widget-container\">\n\t\t\t\t\t\t\t<p>Los asociados nos damos cita cada 12 de octubre para celebrar la fiesta de la Virgen del Pilar y D\u00eda de la Hispanidad Dos celebraciones destacadas en una misma fecha, el D\u00eda de la Hispanidad que se celebra para enriquecer la uni\u00f3n y fraternidad de los pa\u00edses de habla hispana, y la fiesta de la Virgen del Pilar, patrona de Espa\u00f1a y de Zaragoza, ciudad donde seg\u00fan la tradici\u00f3n, la Virgen Mar\u00eda se apareci\u00f3 al Ap\u00f3stol Santiago cuando estaba descansando a orillas del r\u00edo Ebro. La actividad cuenta con buen baile, excelente cena y por supuesto unas jotas bien bailadas de esa regi\u00f3n aragonesa.<\/p>\t\t\t\t\t\t<\/div>\n\t\t\t\t<\/div>\n\t\t\t\t\t<\/div>\n\t\t<\/div>\n\t\t\t\t\t\t\t<\/div>\n\t\t<\/section>\n\t\t\t\t\t\t\t<\/div>\n\t\t","protected":false},"excerpt":{"rendered":"<p>Los asociados nos damos cita cada 12 de octubre para celebrar la fiesta de la Virgen del Pilar y D\u00eda de la Hispanidad Dos celebraciones destacadas en una misma fecha, el D\u00eda de la Hispanidad que se celebra para enriquecer la uni\u00f3n y fraternidad de los pa\u00edses de habla hispana, y la fiesta de la [&hellip;]<\/p>\n","protected":false},"author":1,"featured_media":1091,"comment_status":"closed","ping_status":"closed","sticky":false,"template":"","format":"standard","meta":[],"categories":[25],"tags":[27],"_links":{"self":[{"href":"https:\/\/asociacionespanolacr.com\/index.php\/wp-json\/wp\/v2\/posts\/1060"}],"collection":[{"href":"https:\/\/asociacionespanolacr.com\/index.php\/wp-json\/wp\/v2\/posts"}],"about":[{"href":"https:\/\/asociacionespanolacr.com\/index.php\/wp-json\/wp\/v2\/types\/post"}],"author":[{"embeddable":true,"href":"https:\/\/asociacionespanolacr.com\/index.php\/wp-json\/wp\/v2\/users\/1"}],"replies":[{"embeddable":true,"href":"https:\/\/asociacionespanolacr.com\/index.php\/wp-json\/wp\/v2\/comments?post=1060"}],"version-history":[{"count":5,"href":"https:\/\/asociacionespanolacr.com\/index.php\/wp-json\/wp\/v2\/posts\/1060\/revisions"}],"predecessor-version":[{"id":1095,"href":"https:\/\/asociacionespanolacr.com\/index.php\/wp-json\/wp\/v2\/posts\/1060\/revisions\/1095"}],"wp:featuredmedia":[{"embeddable":true,"href":"https:\/\/asociacionespanolacr.com\/index.php\/wp-json\/wp\/v2\/media\/1091"}],"wp:attachment":[{"href":"https:\/\/asociacionespanolacr.com\/index.php\/wp-json\/wp\/v2\/media?parent=1060"}],"wp:term":[{"taxonomy":"category","embeddable":true,"href":"https:\/\/asociacionespanolacr.com\/index.php\/wp-json\/wp\/v2\/categories?post=1060"},{"taxonomy":"post_tag","embeddable":true,"href":"https:\/\/asociacionespanolacr.com\/index.php\/wp-json\/wp\/v2\/tags?post=1060"}],"curies":[{"name":"wp","href":"https:\/\/api.w.org\/{rel}","templated":true}]}}