{"id":1058,"date":"2021-04-27T14:02:47","date_gmt":"2021-04-27T14:02:47","guid":{"rendered":"http:\/\/asociacionespanolacr.crbrosdev.com\/?p=1058"},"modified":"2021-04-27T14:22:00","modified_gmt":"2021-04-27T14:22:00","slug":"dia-de-la-madre","status":"publish","type":"post","link":"https:\/\/asociacionespanolacr.com\/index.php\/2021\/04\/27\/dia-de-la-madre\/","title":{"rendered":"D\u00eda de la Madre"},"content":{"rendered":"\t\t<div data-elementor-type=\"wp-post\" data-elementor-id=\"1058\" class=\"elementor elementor-1058\">\n\t\t\t\t\t\t\t\t\t<section class=\"elementor-section elementor-top-section elementor-element elementor-element-7d5fc1a elementor-section-boxed elementor-section-height-default elementor-section-height-default\" data-id=\"7d5fc1a\" data-element_type=\"section\" data-settings=\"{&quot;jet_parallax_layout_list&quot;:[{&quot;jet_parallax_layout_image&quot;:{&quot;url&quot;:&quot;&quot;,&quot;id&quot;:&quot;&quot;,&quot;size&quot;:&quot;&quot;},&quot;_id&quot;:&quot;60b070b&quot;,&quot;jet_parallax_layout_speed&quot;:{&quot;unit&quot;:&quot;%&quot;,&quot;size&quot;:&quot;50&quot;,&quot;sizes&quot;:[]},&quot;jet_parallax_layout_bg_x&quot;:&quot;50&quot;,&quot;jet_parallax_layout_bg_y&quot;:&quot;50&quot;,&quot;jet_parallax_layout_image_tablet&quot;:{&quot;url&quot;:&quot;&quot;,&quot;id&quot;:&quot;&quot;,&quot;size&quot;:&quot;&quot;},&quot;jet_parallax_layout_image_mobile&quot;:{&quot;url&quot;:&quot;&quot;,&quot;id&quot;:&quot;&quot;,&quot;size&quot;:&quot;&quot;},&quot;jet_parallax_layout_type&quot;:&quot;scroll&quot;,&quot;jet_parallax_layout_direction&quot;:null,&quot;jet_parallax_layout_fx_direction&quot;:null,&quot;jet_parallax_layout_z_index&quot;:&quot;&quot;,&quot;jet_parallax_layout_bg_x_tablet&quot;:&quot;&quot;,&quot;jet_parallax_layout_bg_x_mobile&quot;:&quot;&quot;,&quot;jet_parallax_layout_bg_y_tablet&quot;:&quot;&quot;,&quot;jet_parallax_layout_bg_y_mobile&quot;:&quot;&quot;,&quot;jet_parallax_layout_bg_size&quot;:&quot;auto&quot;,&quot;jet_parallax_layout_bg_size_tablet&quot;:&quot;&quot;,&quot;jet_parallax_layout_bg_size_mobile&quot;:&quot;&quot;,&quot;jet_parallax_layout_animation_prop&quot;:&quot;transform&quot;,&quot;jet_parallax_layout_on&quot;:[&quot;desktop&quot;,&quot;tablet&quot;]}]}\">\n\t\t\t\t\t\t<div class=\"elementor-container elementor-column-gap-default\">\n\t\t\t\t\t<div class=\"elementor-column elementor-col-100 elementor-top-column elementor-element elementor-element-73117f2\" data-id=\"73117f2\" data-element_type=\"column\">\n\t\t\t<div class=\"elementor-widget-wrap elementor-element-populated\">\n\t\t\t\t\t\t\t\t<div class=\"elementor-element elementor-element-1400b83 elementor-widget elementor-widget-text-editor\" data-id=\"1400b83\" data-element_type=\"widget\" data-widget_type=\"text-editor.default\">\n\t\t\t\t<div class=\"elementor-widget-container\">\n\t\t\t\t\t\t\t<p>Cada a\u00f1o, el fin de semana antes del primer domingo de mayo se lleva a cabo la festividad del d\u00eda de la madre, los asociados nos reunimos con m\u00e1s de 150 madres de varias nacionalidades. Con decoraciones como ellas lo merecen, la fiesta da inicio a las 4 de la tarde, con un brindis para desearles un d\u00eda muy feliz, en especial a las espa\u00f1olas por ser su fiesta el d\u00eda 1 de mayo en Espa\u00f1a. Despu\u00e9s del brindis, la tarde est\u00e1 llena de sorpresas y sobre todo de regalos que se rifan y reparten entre todas las asistentes.<\/p>\t\t\t\t\t\t<\/div>\n\t\t\t\t<\/div>\n\t\t\t\t\t<\/div>\n\t\t<\/div>\n\t\t\t\t\t\t\t<\/div>\n\t\t<\/section>\n\t\t\t\t\t\t\t<\/div>\n\t\t","protected":false},"excerpt":{"rendered":"<p>Cada a\u00f1o, el fin de semana antes del primer domingo de mayo se lleva a cabo la festividad del d\u00eda de la madre, los asociados nos reunimos con m\u00e1s de 150 madres de varias nacionalidades. Con decoraciones como ellas lo merecen, la fiesta da inicio a las 4 de la tarde, con un brindis para [&hellip;]<\/p>\n","protected":false},"author":1,"featured_media":1075,"comment_status":"closed","ping_status":"closed","sticky":false,"template":"","format":"standard","meta":[],"categories":[25],"tags":[27],"_links":{"self":[{"href":"https:\/\/asociacionespanolacr.com\/index.php\/wp-json\/wp\/v2\/posts\/1058"}],"collection":[{"href":"https:\/\/asociacionespanolacr.com\/index.php\/wp-json\/wp\/v2\/posts"}],"about":[{"href":"https:\/\/asociacionespanolacr.com\/index.php\/wp-json\/wp\/v2\/types\/post"}],"author":[{"embeddable":true,"href":"https:\/\/asociacionespanolacr.com\/index.php\/wp-json\/wp\/v2\/users\/1"}],"replies":[{"embeddable":true,"href":"https:\/\/asociacionespanolacr.com\/index.php\/wp-json\/wp\/v2\/comments?post=1058"}],"version-history":[{"count":5,"href":"https:\/\/asociacionespanolacr.com\/index.php\/wp-json\/wp\/v2\/posts\/1058\/revisions"}],"predecessor-version":[{"id":1082,"href":"https:\/\/asociacionespanolacr.com\/index.php\/wp-json\/wp\/v2\/posts\/1058\/revisions\/1082"}],"wp:featuredmedia":[{"embeddable":true,"href":"https:\/\/asociacionespanolacr.com\/index.php\/wp-json\/wp\/v2\/media\/1075"}],"wp:attachment":[{"href":"https:\/\/asociacionespanolacr.com\/index.php\/wp-json\/wp\/v2\/media?parent=1058"}],"wp:term":[{"taxonomy":"category","embeddable":true,"href":"https:\/\/asociacionespanolacr.com\/index.php\/wp-json\/wp\/v2\/categories?post=1058"},{"taxonomy":"post_tag","embeddable":true,"href":"https:\/\/asociacionespanolacr.com\/index.php\/wp-json\/wp\/v2\/tags?post=1058"}],"curies":[{"name":"wp","href":"https:\/\/api.w.org\/{rel}","templated":true}]}}